{"id":789,"date":"2014-07-02T07:13:01","date_gmt":"2014-07-02T05:13:01","guid":{"rendered":"http:\/\/www.circulum.de\/wordpress\/?p=789"},"modified":"2014-07-13T11:02:51","modified_gmt":"2014-07-13T09:02:51","slug":"hallenschliesszeiten-sommerferien","status":"publish","type":"post","link":"https:\/\/www.circulum.de\/wordpress\/?p=789","title":{"rendered":"\u00c4NDERUNG Hallenschlie\u00dfzeiten Sommerferien"},"content":{"rendered":"<p>Hier die Hallenschlie\u00dfzeiten in den <strong>Sommerferien<\/strong><a href=\"http:\/\/www.circulum.de\/wordpress\/wp-content\/uploads\/2014\/07\/Sommerschlie\u00dfzeiten1.jpg\"><img loading=\"lazy\" decoding=\"async\" class=\"alignleft size-full wp-image-800\" alt=\"Sommerschlie\u00dfzeiten\" src=\"http:\/\/www.circulum.de\/wordpress\/wp-content\/uploads\/2014\/07\/Sommerschlie\u00dfzeiten1.jpg\" width=\"947\" height=\"381\" srcset=\"https:\/\/www.circulum.de\/wordpress\/wp-content\/uploads\/2014\/07\/Sommerschlie\u00dfzeiten1.jpg 947w, https:\/\/www.circulum.de\/wordpress\/wp-content\/uploads\/2014\/07\/Sommerschlie\u00dfzeiten1-300x120.jpg 300w, https:\/\/www.circulum.de\/wordpress\/wp-content\/uploads\/2014\/07\/Sommerschlie\u00dfzeiten1-500x201.jpg 500w\" sizes=\"auto, (max-width: 947px) 100vw, 947px\" \/><\/a><\/p>\n<p>Ab <strong>sofort<\/strong> ist die Halle <strong>Pieskower Weg<\/strong> wegen Renovierungsarbeiten geschlossen. Die Ersatzhalle in der Pasteurstr. 7 &#8211; 11 steht uns erst ab Do. 10.07.2014 zur Verf\u00fcgung. Wir haben jetzt den Schl\u00fcssel und seit Do. nutzen wir die Halle.<\/p>\n<p>Der Vertrag f\u00fcr die <strong>Paul-Heyse-Str.<\/strong> wird leider nicht verl\u00e4ngert, unser letzter Trainingstag dort ist Freitag, 04.07.2014. Wir sind auf der Suche nach einer Ersatzhalle, bis dahin bitte den Termin am Freitag in der Ersatzhalle Pasteurstr. (ab Fr. 11.07.) nutzen.<\/p>\n<p>&nbsp;<\/p>\n<p>&nbsp;<\/p>\n<p>&nbsp;<\/p>\n<p>&nbsp;<\/p>\n<p>&nbsp;<\/p>\n","protected":false},"excerpt":{"rendered":"<p>Hier die Hallenschlie\u00dfzeiten in den Sommerferien Ab sofort ist die Halle Pieskower Weg wegen Renovierungsarbeiten geschlossen. Die Ersatzhalle in der Pasteurstr. 7 &#8211; 11 steht uns erst ab Do. 10.07.2014 zur Verf\u00fcgung. Wir haben jetzt den Schl\u00fcssel und seit Do. &hellip; <a href=\"https:\/\/www.circulum.de\/wordpress\/?p=789\">Weiterlesen <span class=\"meta-nav\">&rarr;<\/span><\/a><\/p>\n","protected":false},"author":5,"featured_media":0,"comment_status":"closed","ping_status":"open","sticky":false,"template":"","format":"standard","meta":{"footnotes":""},"categories":[1],"tags":[],"class_list":["post-789","post","type-post","status-publish","format-standard","hentry","category-allgemein"],"_links":{"self":[{"href":"https:\/\/www.circulum.de\/wordpress\/index.php?rest_route=\/wp\/v2\/posts\/789","targetHints":{"allow":["GET"]}}],"collection":[{"href":"https:\/\/www.circulum.de\/wordpress\/index.php?rest_route=\/wp\/v2\/posts"}],"about":[{"href":"https:\/\/www.circulum.de\/wordpress\/index.php?rest_route=\/wp\/v2\/types\/post"}],"author":[{"embeddable":true,"href":"https:\/\/www.circulum.de\/wordpress\/index.php?rest_route=\/wp\/v2\/users\/5"}],"replies":[{"embeddable":true,"href":"https:\/\/www.circulum.de\/wordpress\/index.php?rest_route=%2Fwp%2Fv2%2Fcomments&post=789"}],"version-history":[{"count":7,"href":"https:\/\/www.circulum.de\/wordpress\/index.php?rest_route=\/wp\/v2\/posts\/789\/revisions"}],"predecessor-version":[{"id":833,"href":"https:\/\/www.circulum.de\/wordpress\/index.php?rest_route=\/wp\/v2\/posts\/789\/revisions\/833"}],"wp:attachment":[{"href":"https:\/\/www.circulum.de\/wordpress\/index.php?rest_route=%2Fwp%2Fv2%2Fmedia&parent=789"}],"wp:term":[{"taxonomy":"category","embeddable":true,"href":"https:\/\/www.circulum.de\/wordpress\/index.php?rest_route=%2Fwp%2Fv2%2Fcategories&post=789"},{"taxonomy":"post_tag","embeddable":true,"href":"https:\/\/www.circulum.de\/wordpress\/index.php?rest_route=%2Fwp%2Fv2%2Ftags&post=789"}],"curies":[{"name":"wp","href":"https:\/\/api.w.org\/{rel}","templated":true}]}}