{"id":254,"date":"2012-07-28T10:09:56","date_gmt":"2012-07-28T08:09:56","guid":{"rendered":"http:\/\/www.circulum.de\/wordpress\/?p=254"},"modified":"2012-07-28T10:09:56","modified_gmt":"2012-07-28T08:09:56","slug":"team-circulum-auf-der-unicon16-tag-8-fr-27-07","status":"publish","type":"post","link":"https:\/\/www.circulum.de\/wordpress\/?p=254","title":{"rendered":"Team Circulum auf der Unicon16 \u2013 Tag 8 (Fr. 27.07.)"},"content":{"rendered":"<p>Auch heute kann ich es etwas ruhiger angehen lassen. Bin mit Doris f\u00fcr halb neun zum Fr\u00fchst\u00fcck verabredet. Doreen musste schon fr\u00fcher weg, da sie heute beim Speed Trial hilft. Nutze die sp\u00e4te Zeit um vor dem Essen endlich mal ein paar Bahnen im Pool zu schwimmen, damit die Lebensgeister geweckt werden. Die ist aber nach 7 Tagen Unicon gar nicht so einfach. Beim Fr\u00fchst\u00fcck hilft dann Kaffee und O-Saft etwas weiter. Nach dem Fr\u00fchst\u00fcck muss ich alte Schlampe erst mal die Unicon Eintr\u00e4ge der letzten 4 Tage schreiben. Gar nicht so einfach, alles noch in die richtige Reihe zu bekommen. Es kostet mich auch etwas Zeit.<\/p>\n<p>Mach mich erst kurz vor zw\u00f6lf auf den Weg zum Stadion, um mir den Speed Trial anzuschauen. Komme gerade richtig zum Finale f\u00fcr die M\u00e4dchen. Immer zwei Fahrerinnen treten auf zwei identischen Parcours direkt gegeneinander an. Wer schneller ist, kommt in die n\u00e4chste Runde. Die Finales f\u00fcr die M\u00e4nner starten erst um 13:00 Uhr, der Kurs ist hier schwieriger gebaut, mit Wippe und ein paar heftigen Sprungteilen. Zum Schluss muss man noch einen d\u00fcnnen Balken \u00fcberqueren. Auch hier sind die Wettbewerbe prima anzuschauen.<\/p>\n<p>Um 14 Uhr geht es dann zur Popkornstaffel ins Stadion. Jeweils vier zuf\u00e4llig geloste Teilnehmer bilden eine Staffel. Es geht \u00fcber 4 x 100 m. Die Popkornt\u00fcte muss komplett und unbesch\u00e4digt ins Ziel kommen. Gewinn tut nicht die schnellste Staffel, sondern die Staffel, die der Durchschnittzeit aller Staffeln am n\u00e4chsten kommt. Super Gaudi, mit sehr vielen Teilnehmern. Scheinbar gewinnt keins der Teams mit Berliner Beteiligung (Doreen, Dieter, Carsten).<\/p>\n<p>Anschlie\u00dfend muss ich mal wieder in die Basketballhalle wechseln. Es laufen die Finalspiele. Frankreich gegen USA, es wir stark gespielt. Berkerly setzt sich im Spiel um Platz 3 durch, somit sichert sich Jim eine Bronzemedaille. Das anschlie\u00dfende Finale zwischen AOC und WOOM geht auch rasant los. Knapp vor Halbzeit f\u00fchrt WOOM mit 10 Punkten. Sieht also nach Titelverteidigung aus.<\/p>\n<p>Kann leider das Ende nicht sehen, da ich vor der Gala Show noch was essen muss. Tomate mit Mozzarella zum reichen. Doris und ich machen uns auf den Weg zum Stadion, hab \u00be sieben soll Einlass sein. Wir treffen uns mit Doreen und stellen uns zum Einlass an. Die Zeit wird mit Versuchen f\u00fcr eine La Ola Welle \u00fcberbr\u00fcckt. Aber der Einsatz l\u00e4sst zu w\u00fcnschen \u00fcbrig.<\/p>\n<p>Nachdem alle Platz genommen haben, wird die Gala Show von Bob aus Canada moderiert. Wie immer sehr souver\u00e4n. Neben den Weltmeistern in den K\u00fcren (Einzel und <a title=\"Gruppenk\u00fcr\" href=\"http:\/\/youtu.be\/2o0qWehiU8s\" target=\"_blank\">Gruppenk\u00fcr<\/a>) und einer Paark\u00fcr sind noch andere Acts auf der B\u00fchne. Im Einsatz sind ein Einrad auf dem Schlappseil oder der Einradpizzaschneider. Auch ein Pallettensprungfight ist im Programm. Drei Jungs schaffen die Sprungh\u00f6he von 8 Palletten. Es soll auch noch ein Flatcontest stattfinden, allerdings tritt nur ein Fahrer an. Als H\u00f6hepunkt wird dann noch die Wahl zum sexiest unicycler durchgef\u00fchrt. Es gibt leider nur zwei Kandidaten. Jung gegen Alt. Es soll der Lieblings Einradtrick gezeigt werden, eine Performance sowie ein Catwalk vollf\u00fchrt werden. Jim (Basketball) setzt sich dann in der Abstimmung durch. Ist wohl dem Alter geschuldet. Der Abend hat viel Spa\u00df gemacht und f\u00fcr die erste Gala Show auf einer Unicon war sie ganz ordentlich. Nur die Jongleure unter den Einradfahrern sind von der BJC mit anderem verw\u00f6hnt.<\/p>\n<p>Ende Tag 8 \u2013 Am Samstag ist Munitag auf der Plose, der Berg ruft<\/p>\n","protected":false},"excerpt":{"rendered":"<p>Auch heute kann ich es etwas ruhiger angehen lassen. Bin mit Doris f\u00fcr halb neun zum Fr\u00fchst\u00fcck verabredet. Doreen musste schon fr\u00fcher weg, da sie heute beim Speed Trial hilft. Nutze die sp\u00e4te Zeit um vor dem Essen endlich mal &hellip; <a href=\"https:\/\/www.circulum.de\/wordpress\/?p=254\">Weiterlesen <span class=\"meta-nav\">&rarr;<\/span><\/a><\/p>\n","protected":false},"author":5,"featured_media":0,"comment_status":"open","ping_status":"open","sticky":false,"template":"","format":"standard","meta":{"footnotes":""},"categories":[1],"tags":[33,18],"class_list":["post-254","post","type-post","status-publish","format-standard","hentry","category-allgemein","tag-einrad","tag-unicon"],"_links":{"self":[{"href":"https:\/\/www.circulum.de\/wordpress\/index.php?rest_route=\/wp\/v2\/posts\/254","targetHints":{"allow":["GET"]}}],"collection":[{"href":"https:\/\/www.circulum.de\/wordpress\/index.php?rest_route=\/wp\/v2\/posts"}],"about":[{"href":"https:\/\/www.circulum.de\/wordpress\/index.php?rest_route=\/wp\/v2\/types\/post"}],"author":[{"embeddable":true,"href":"https:\/\/www.circulum.de\/wordpress\/index.php?rest_route=\/wp\/v2\/users\/5"}],"replies":[{"embeddable":true,"href":"https:\/\/www.circulum.de\/wordpress\/index.php?rest_route=%2Fwp%2Fv2%2Fcomments&post=254"}],"version-history":[{"count":2,"href":"https:\/\/www.circulum.de\/wordpress\/index.php?rest_route=\/wp\/v2\/posts\/254\/revisions"}],"predecessor-version":[{"id":257,"href":"https:\/\/www.circulum.de\/wordpress\/index.php?rest_route=\/wp\/v2\/posts\/254\/revisions\/257"}],"wp:attachment":[{"href":"https:\/\/www.circulum.de\/wordpress\/index.php?rest_route=%2Fwp%2Fv2%2Fmedia&parent=254"}],"wp:term":[{"taxonomy":"category","embeddable":true,"href":"https:\/\/www.circulum.de\/wordpress\/index.php?rest_route=%2Fwp%2Fv2%2Fcategories&post=254"},{"taxonomy":"post_tag","embeddable":true,"href":"https:\/\/www.circulum.de\/wordpress\/index.php?rest_route=%2Fwp%2Fv2%2Ftags&post=254"}],"curies":[{"name":"wp","href":"https:\/\/api.w.org\/{rel}","templated":true}]}}