{"id":1682,"date":"2021-08-12T11:59:01","date_gmt":"2021-08-12T09:59:01","guid":{"rendered":"https:\/\/www.circulum.de\/wordpress\/?p=1682"},"modified":"2021-08-14T18:58:10","modified_gmt":"2021-08-14T16:58:10","slug":"training-nach-den-sommerferien","status":"publish","type":"post","link":"https:\/\/www.circulum.de\/wordpress\/?p=1682","title":{"rendered":"Training nach den Sommerferien"},"content":{"rendered":"\n<p>Liebe Vereinsmeier,<\/p>\n\n\n\n<p>wir starten jetzt wieder mit dem Training. Bitte informiert Euch auf der Homepage\/Kalender, welche Trainingseinheiten stattfinden. Wir werden f\u00fcr die Anfangszeit die Termine einzeln aktivieren, wenn die Zusagen von einer Trainingsleitung vorliegen.<\/p>\n\n\n\n<p>Folgendes ist f\u00fcr die Gro\u00dfen (&gt; 14 Jahre) zu beachten. Es gelten die <strong><span style=\"color:#ff0e05\" class=\"has-inline-color\">3G<\/span><\/strong>!<br><strong><span style=\"color:#ff0b03\" class=\"has-inline-color\">G<\/span><\/strong>eimpft, <strong><span style=\"color:#f90505\" class=\"has-inline-color\">G<\/span><\/strong>enesen oder <strong><span style=\"color:#f70404\" class=\"has-inline-color\">G<\/span><\/strong>etestet. Bitte legt die Nachweise (Impfpass, APP, tagesaktueller Antigen-Test aus dem Testzentrum) zum Beginn des Trainings bei der Trainingsleitung vor und tragt Euch in die Anwesenheitsliste vollst\u00e4ndig ein. Beim Betreten der Hallen muss eine medizinische oder FFP2 Maske getragen werden. Zum Training darf diese dann abgesetzt werden.<\/p>\n\n\n\n<p>Eine aktuelle Version der Coronaverordnung des Senates findet ihr hier: https:\/\/www.berlin.de\/corona\/massnahmen\/verordnung\/<\/p>\n","protected":false},"excerpt":{"rendered":"<p>Liebe Vereinsmeier, wir starten jetzt wieder mit dem Training. Bitte informiert Euch auf der Homepage\/Kalender, welche Trainingseinheiten stattfinden. Wir werden f\u00fcr die Anfangszeit die Termine einzeln aktivieren, wenn die Zusagen von einer Trainingsleitung vorliegen. Folgendes ist f\u00fcr die Gro\u00dfen (&gt; &hellip; <a href=\"https:\/\/www.circulum.de\/wordpress\/?p=1682\">Weiterlesen <span class=\"meta-nav\">&rarr;<\/span><\/a><\/p>\n","protected":false},"author":5,"featured_media":0,"comment_status":"closed","ping_status":"open","sticky":false,"template":"","format":"standard","meta":{"footnotes":""},"categories":[1],"tags":[],"class_list":["post-1682","post","type-post","status-publish","format-standard","hentry","category-allgemein"],"_links":{"self":[{"href":"https:\/\/www.circulum.de\/wordpress\/index.php?rest_route=\/wp\/v2\/posts\/1682","targetHints":{"allow":["GET"]}}],"collection":[{"href":"https:\/\/www.circulum.de\/wordpress\/index.php?rest_route=\/wp\/v2\/posts"}],"about":[{"href":"https:\/\/www.circulum.de\/wordpress\/index.php?rest_route=\/wp\/v2\/types\/post"}],"author":[{"embeddable":true,"href":"https:\/\/www.circulum.de\/wordpress\/index.php?rest_route=\/wp\/v2\/users\/5"}],"replies":[{"embeddable":true,"href":"https:\/\/www.circulum.de\/wordpress\/index.php?rest_route=%2Fwp%2Fv2%2Fcomments&post=1682"}],"version-history":[{"count":2,"href":"https:\/\/www.circulum.de\/wordpress\/index.php?rest_route=\/wp\/v2\/posts\/1682\/revisions"}],"predecessor-version":[{"id":1685,"href":"https:\/\/www.circulum.de\/wordpress\/index.php?rest_route=\/wp\/v2\/posts\/1682\/revisions\/1685"}],"wp:attachment":[{"href":"https:\/\/www.circulum.de\/wordpress\/index.php?rest_route=%2Fwp%2Fv2%2Fmedia&parent=1682"}],"wp:term":[{"taxonomy":"category","embeddable":true,"href":"https:\/\/www.circulum.de\/wordpress\/index.php?rest_route=%2Fwp%2Fv2%2Fcategories&post=1682"},{"taxonomy":"post_tag","embeddable":true,"href":"https:\/\/www.circulum.de\/wordpress\/index.php?rest_route=%2Fwp%2Fv2%2Ftags&post=1682"}],"curies":[{"name":"wp","href":"https:\/\/api.w.org\/{rel}","templated":true}]}}