{"id":1672,"date":"2021-07-01T08:28:35","date_gmt":"2021-07-01T06:28:35","guid":{"rendered":"https:\/\/www.circulum.de\/wordpress\/?p=1672"},"modified":"2021-07-01T08:29:44","modified_gmt":"2021-07-01T06:29:44","slug":"cc-24-in-brueckentin","status":"publish","type":"post","link":"https:\/\/www.circulum.de\/wordpress\/?p=1672","title":{"rendered":"CC-24 in Br\u00fcckentin"},"content":{"rendered":"\n<p>Die Mutter aller Circulum Conventions wird jetzt auch schon 24 Jahre alt. Vom <strong>3. bis 5. September<\/strong> machen wir uns auf den Weg zur Jugendnaturschutzakademie Br\u00fcckentin in Mac-Pom. Mit viel Platz zum Jonglieren unter freiem Himmel (wenn das Wetter mitspielt, aber es ist ja jetzt wieder September), einer kleine Halle um auch im Dunklen noch aktiv zu sein. Auch Gel\u00e4nde- und Stra\u00dfenaffine Einradfahrer sind willkommen. In unmittelbarer N\u00e4he befindet sich auch noch der Dabelowsee. Dieser l\u00e4d zum Baden (mal gucken) und Bootfahren ein. Sch\u00f6n w\u00e4re es, wenn der harte Kern um weitere Jongleure und Einradfahrer anwachsen w\u00fcrde. Vielleicht findet sich dieses Jahr auch jemand, der gerne einen Workschop anbieten m\u00f6chte. Vielleicht schaffen wir es dieses Jahr wieder eine kleine Feuershow auf die Beine zu stellen oder wir machen mal eine Nachtwanderung. Bitte meldet Euch fr\u00fchzeitig verbindlich unter <a href=\"mailto:brueckentin@circulum.de\">brueckentin@circulum.de<\/a> an, damit Kerstin die richtige Anzahl an Pl\u00e4tzen f\u00fcr uns reservieren kann. Zus\u00e4tzlich auch noch ins Doodle\u00a0<a href=\"https:\/\/doodle.com\/poll\/x4qt478qacankrc7?utm_source=poll&amp;utm_medium=link\" data-type=\"URL\" data-id=\"https:\/\/doodle.com\/poll\/x4qt478qacankrc7?utm_source=poll&amp;utm_medium=link\">https:\/\/doodle.com\/poll\/x4qt478qacankrc7?utm_source=poll&amp;utm_medium=link<\/a> eintragen.<\/p>\n\n\n\n<p>In Br\u00fcckentin gibt es Vollverpflegung (2 x Fr\u00fchst\u00fcck, 2 x Mittag, 2 x Abend<\/p>\n\n\n\n<p>Den Flyer findet Ihr hier: <a href=\"http:\/\/www.circulum.de\/attachments\/CC-24-Flyer.pdf\">http:\/\/www.circulum.de\/attachments\/CC-24-Flyer.pdf<\/a><\/p>\n","protected":false},"excerpt":{"rendered":"<p>Die Mutter aller Circulum Conventions wird jetzt auch schon 24 Jahre alt. Vom 3. bis 5. September machen wir uns auf den Weg zur Jugendnaturschutzakademie Br\u00fcckentin in Mac-Pom. Mit viel Platz zum Jonglieren unter freiem Himmel (wenn das Wetter mitspielt, &hellip; <a href=\"https:\/\/www.circulum.de\/wordpress\/?p=1672\">Weiterlesen <span class=\"meta-nav\">&rarr;<\/span><\/a><\/p>\n","protected":false},"author":5,"featured_media":0,"comment_status":"closed","ping_status":"open","sticky":false,"template":"","format":"standard","meta":{"footnotes":""},"categories":[1],"tags":[],"class_list":["post-1672","post","type-post","status-publish","format-standard","hentry","category-allgemein"],"_links":{"self":[{"href":"https:\/\/www.circulum.de\/wordpress\/index.php?rest_route=\/wp\/v2\/posts\/1672","targetHints":{"allow":["GET"]}}],"collection":[{"href":"https:\/\/www.circulum.de\/wordpress\/index.php?rest_route=\/wp\/v2\/posts"}],"about":[{"href":"https:\/\/www.circulum.de\/wordpress\/index.php?rest_route=\/wp\/v2\/types\/post"}],"author":[{"embeddable":true,"href":"https:\/\/www.circulum.de\/wordpress\/index.php?rest_route=\/wp\/v2\/users\/5"}],"replies":[{"embeddable":true,"href":"https:\/\/www.circulum.de\/wordpress\/index.php?rest_route=%2Fwp%2Fv2%2Fcomments&post=1672"}],"version-history":[{"count":3,"href":"https:\/\/www.circulum.de\/wordpress\/index.php?rest_route=\/wp\/v2\/posts\/1672\/revisions"}],"predecessor-version":[{"id":1675,"href":"https:\/\/www.circulum.de\/wordpress\/index.php?rest_route=\/wp\/v2\/posts\/1672\/revisions\/1675"}],"wp:attachment":[{"href":"https:\/\/www.circulum.de\/wordpress\/index.php?rest_route=%2Fwp%2Fv2%2Fmedia&parent=1672"}],"wp:term":[{"taxonomy":"category","embeddable":true,"href":"https:\/\/www.circulum.de\/wordpress\/index.php?rest_route=%2Fwp%2Fv2%2Fcategories&post=1672"},{"taxonomy":"post_tag","embeddable":true,"href":"https:\/\/www.circulum.de\/wordpress\/index.php?rest_route=%2Fwp%2Fv2%2Ftags&post=1672"}],"curies":[{"name":"wp","href":"https:\/\/api.w.org\/{rel}","templated":true}]}}