{"id":1414,"date":"2019-07-17T21:40:09","date_gmt":"2019-07-17T19:40:09","guid":{"rendered":"http:\/\/www.circulum.de\/wordpress\/?p=1414"},"modified":"2019-07-18T21:43:33","modified_gmt":"2019-07-18T19:43:33","slug":"hallenschliesszeiten-waehrend-der-sommerferien-2019","status":"publish","type":"post","link":"https:\/\/www.circulum.de\/wordpress\/?p=1414","title":{"rendered":"Hallenschlie\u00dfzeiten w\u00e4hrend der Sommerferien 2019"},"content":{"rendered":"<p>Hier die Hallenschlie\u00dfzeiten in den <strong>Sommerferien 2019<br \/>\n(Stand: <span style=\"color: #ff0000\">17.07.2019 &#8211; \u00c4nderung PIeskower Weg<\/span>)<\/strong><\/p>\n<p><img loading=\"lazy\" decoding=\"async\" class=\"alignnone wp-image-1447 size-full\" src=\"https:\/\/www.circulum.de\/wordpress\/wp-content\/uploads\/2019\/06\/Hallenschliesszeit-Sommer-2019-2.jpg\" alt=\"\" width=\"878\" height=\"397\" srcset=\"https:\/\/www.circulum.de\/wordpress\/wp-content\/uploads\/2019\/06\/Hallenschliesszeit-Sommer-2019-2.jpg 878w, https:\/\/www.circulum.de\/wordpress\/wp-content\/uploads\/2019\/06\/Hallenschliesszeit-Sommer-2019-2-300x136.jpg 300w, https:\/\/www.circulum.de\/wordpress\/wp-content\/uploads\/2019\/06\/Hallenschliesszeit-Sommer-2019-2-768x347.jpg 768w, https:\/\/www.circulum.de\/wordpress\/wp-content\/uploads\/2019\/06\/Hallenschliesszeit-Sommer-2019-2-500x226.jpg 500w\" sizes=\"auto, (max-width: 878px) 100vw, 878px\" \/><\/p>\n<p><strong>Rochstr.:<\/strong> Der Kinderkurs macht in den Ferien auf jeden Fall Pause. Erster Trainingstag nach den Ferien ist am <strong>Sonntag, 04.08.2019<\/strong>.<br \/>\nDie Feriennutzung f\u00fcr die Rochstr. ist ist noch nicht best\u00e4tigt. Am <strong>Sonntag, 23.06.<\/strong> beginnt das Training erst gegen <strong>18:00 Uhr<\/strong>, da kein Kinderkurs stattfindet. Im Zeitraum <strong>Sonntag, 29.06. bis Sonntag, 28.07.2019<\/strong> findet kein Training statt. Nach der Grundreinigung k\u00f6nnen wir also ab <strong>Sonntag, 04.08.2019<\/strong> wieder mit dem Training beginnen.<\/p>\n<p><strong>Wiebestr. (Einradhockey):<\/strong> Die Feriennutzung ist best\u00e4tigt. Wir k\u00f6nnen die Halle bis einschlie\u00dflich <strong>Donnerstag, 26.06.2019<\/strong> nutzen. Dann beginnt die Schlie\u00dfzeit wegen der Grundreinigung. 1. Trainingstag ist dann <strong>Donnerstag, 01.08.2019<\/strong>.<\/p>\n<p><strong>Erich-Weinert-Str. (Einrad):<\/strong> Ist die kompletten Ferien geschlossen, 1. Trainingstag nach den Ferien ist <strong>Freitag, 09.08.2019<\/strong>.<\/p>\n<p><strong>Pieskower Weg<\/strong>: Im Zeitraum <strong>Donnerstag, 20.06. bis Donnerstag, 11.07.2019<\/strong> findet kein Training statt. Die Halle steht ab <strong>Freitag, 12.07.2019<\/strong> wieder zur Verf\u00fcgung. <span style=\"color: #ff0000\">Die Halle muss dann leider f\u00fcr die Grundreinigung ein zweites Mal im <strong>Zeitraum Freitag, 19.07. bis Sonntag, 28.07.2019<\/strong> geschlossen werden. Erstes Training dann wieder <strong>Dienstag, 30.07.2019<\/strong>.<\/span><\/p>\n","protected":false},"excerpt":{"rendered":"<p>Hier die Hallenschlie\u00dfzeiten in den Sommerferien 2019 (Stand: 17.07.2019 &#8211; \u00c4nderung PIeskower Weg) Rochstr.: Der Kinderkurs macht in den Ferien auf jeden Fall Pause. Erster Trainingstag nach den Ferien ist am Sonntag, 04.08.2019. Die Feriennutzung f\u00fcr die Rochstr. ist ist &hellip; <a href=\"https:\/\/www.circulum.de\/wordpress\/?p=1414\">Weiterlesen <span class=\"meta-nav\">&rarr;<\/span><\/a><\/p>\n","protected":false},"author":5,"featured_media":0,"comment_status":"closed","ping_status":"open","sticky":false,"template":"","format":"standard","meta":{"footnotes":""},"categories":[1],"tags":[],"class_list":["post-1414","post","type-post","status-publish","format-standard","hentry","category-allgemein"],"_links":{"self":[{"href":"https:\/\/www.circulum.de\/wordpress\/index.php?rest_route=\/wp\/v2\/posts\/1414","targetHints":{"allow":["GET"]}}],"collection":[{"href":"https:\/\/www.circulum.de\/wordpress\/index.php?rest_route=\/wp\/v2\/posts"}],"about":[{"href":"https:\/\/www.circulum.de\/wordpress\/index.php?rest_route=\/wp\/v2\/types\/post"}],"author":[{"embeddable":true,"href":"https:\/\/www.circulum.de\/wordpress\/index.php?rest_route=\/wp\/v2\/users\/5"}],"replies":[{"embeddable":true,"href":"https:\/\/www.circulum.de\/wordpress\/index.php?rest_route=%2Fwp%2Fv2%2Fcomments&post=1414"}],"version-history":[{"count":5,"href":"https:\/\/www.circulum.de\/wordpress\/index.php?rest_route=\/wp\/v2\/posts\/1414\/revisions"}],"predecessor-version":[{"id":1449,"href":"https:\/\/www.circulum.de\/wordpress\/index.php?rest_route=\/wp\/v2\/posts\/1414\/revisions\/1449"}],"wp:attachment":[{"href":"https:\/\/www.circulum.de\/wordpress\/index.php?rest_route=%2Fwp%2Fv2%2Fmedia&parent=1414"}],"wp:term":[{"taxonomy":"category","embeddable":true,"href":"https:\/\/www.circulum.de\/wordpress\/index.php?rest_route=%2Fwp%2Fv2%2Fcategories&post=1414"},{"taxonomy":"post_tag","embeddable":true,"href":"https:\/\/www.circulum.de\/wordpress\/index.php?rest_route=%2Fwp%2Fv2%2Ftags&post=1414"}],"curies":[{"name":"wp","href":"https:\/\/api.w.org\/{rel}","templated":true}]}}