{"id":1217,"date":"2017-08-08T22:00:55","date_gmt":"2017-08-08T20:00:55","guid":{"rendered":"http:\/\/www.circulum.de\/wordpress\/?p=1217"},"modified":"2019-06-20T00:11:59","modified_gmt":"2019-06-19T22:11:59","slug":"einradpicknicktour-am-so-23-07-im-grunewald","status":"publish","type":"post","link":"https:\/\/www.circulum.de\/wordpress\/?p=1217","title":{"rendered":"Einradpicknicktour am So. 13.08. im Grunewald"},"content":{"rendered":"<p><strong>2. Anlauf<\/strong><br \/>\nLiebe Vereinsmeyer,<\/p>\n<p>nach einem Jahr Pause wollen wir unsere Einradpicknicktour wieder auf den Pedale bringen.<\/p>\n<p>Einradpicknicktour durch den Grunewald mit Badem\u00f6glichkeit (Sonne und\/oder Wasser)<\/p>\n<p>Termin: <strong>Sonntag, 13.08.2017 um 11:00 Uhr<\/strong><br \/>\nTreffpunkt: Schmetterlingplatz am S-Bahnhof Grunewald (10:45 Uhr)<\/p>\n<p><img loading=\"lazy\" decoding=\"async\" src=\"https:\/\/www.circulum.de\/wordpress\/wp-content\/uploads\/2014\/08\/schmetterlingplatz-300x210.png\" alt=\"schmetterlingplatz\" width=\"420\" height=\"297\" \/><\/p>\n<p>Von dort werden wir dann Richtung Westen zum Wannsee fahren und uns eine Badestelle zum Picknicken suchen. Jeder sollte also Picknicksachen, eine Decke, Badesachen etc. einpacken. Geplant ist, dass wir wieder geschlossen zum S-Bahnhof Grunewald zur\u00fcck fahren. Begleitpersonenen k\u00f6nnen auch gerne mit einem St\u00fctzrad an der Tour teilnehmen. Der Weg bis zur Badestelle an der Havel betr\u00e4gt ca. 5,2 km. Mit 20&#8243; und 36&#8243; etwas anstrengend, mit allem dazwischen locker machbar. F\u00fcr Munis wird es auf dem Weg auch ein paar nette Einsatzm\u00f6glichkeiten geben.<\/p>\n<p>W\u00e4re sch\u00f6n, wenn Ihr Euch ins Doodle eintragen w\u00fcrdet: <a title=\"https:\/\/doodle.com\/d87zzfp6ug35en9v\" href=\"https:\/\/doodle.com\/d87zzfp6ug35en9v\" target=\"_blank\" rel=\"noopener noreferrer\">https:\/\/doodle.com\/d87zzfp6ug35en9v<\/a><\/p>\n<p>So sieht der geplante Hinweg aus:<br \/>\n<img loading=\"lazy\" decoding=\"async\" src=\"https:\/\/www.circulum.de\/wordpress\/wp-content\/uploads\/2014\/07\/Picknicktour072014.jpg\" alt=\"Picknicktour072015\" width=\"573\" height=\"151\" \/><br \/>\n<img loading=\"lazy\" decoding=\"async\" src=\"https:\/\/www.circulum.de\/wordpress\/wp-content\/uploads\/2014\/07\/Picknicktour072014Hoehe.jpg\" alt=\"Picknicktour072015Hoehe\" width=\"536\" height=\"69\" \/><\/p>\n","protected":false},"excerpt":{"rendered":"<p>2. Anlauf Liebe Vereinsmeyer, nach einem Jahr Pause wollen wir unsere Einradpicknicktour wieder auf den Pedale bringen. Einradpicknicktour durch den Grunewald mit Badem\u00f6glichkeit (Sonne und\/oder Wasser) Termin: Sonntag, 13.08.2017 um 11:00 Uhr Treffpunkt: Schmetterlingplatz am S-Bahnhof Grunewald (10:45 Uhr) Von &hellip; <a href=\"https:\/\/www.circulum.de\/wordpress\/?p=1217\">Weiterlesen <span class=\"meta-nav\">&rarr;<\/span><\/a><\/p>\n","protected":false},"author":5,"featured_media":0,"comment_status":"closed","ping_status":"open","sticky":false,"template":"","format":"standard","meta":{"footnotes":""},"categories":[1],"tags":[],"class_list":["post-1217","post","type-post","status-publish","format-standard","hentry","category-allgemein"],"_links":{"self":[{"href":"https:\/\/www.circulum.de\/wordpress\/index.php?rest_route=\/wp\/v2\/posts\/1217","targetHints":{"allow":["GET"]}}],"collection":[{"href":"https:\/\/www.circulum.de\/wordpress\/index.php?rest_route=\/wp\/v2\/posts"}],"about":[{"href":"https:\/\/www.circulum.de\/wordpress\/index.php?rest_route=\/wp\/v2\/types\/post"}],"author":[{"embeddable":true,"href":"https:\/\/www.circulum.de\/wordpress\/index.php?rest_route=\/wp\/v2\/users\/5"}],"replies":[{"embeddable":true,"href":"https:\/\/www.circulum.de\/wordpress\/index.php?rest_route=%2Fwp%2Fv2%2Fcomments&post=1217"}],"version-history":[{"count":6,"href":"https:\/\/www.circulum.de\/wordpress\/index.php?rest_route=\/wp\/v2\/posts\/1217\/revisions"}],"predecessor-version":[{"id":1437,"href":"https:\/\/www.circulum.de\/wordpress\/index.php?rest_route=\/wp\/v2\/posts\/1217\/revisions\/1437"}],"wp:attachment":[{"href":"https:\/\/www.circulum.de\/wordpress\/index.php?rest_route=%2Fwp%2Fv2%2Fmedia&parent=1217"}],"wp:term":[{"taxonomy":"category","embeddable":true,"href":"https:\/\/www.circulum.de\/wordpress\/index.php?rest_route=%2Fwp%2Fv2%2Fcategories&post=1217"},{"taxonomy":"post_tag","embeddable":true,"href":"https:\/\/www.circulum.de\/wordpress\/index.php?rest_route=%2Fwp%2Fv2%2Ftags&post=1217"}],"curies":[{"name":"wp","href":"https:\/\/api.w.org\/{rel}","templated":true}]}}