{"id":1207,"date":"2017-08-05T07:00:50","date_gmt":"2017-08-05T05:00:50","guid":{"rendered":"http:\/\/www.circulum.de\/wordpress\/?p=1207"},"modified":"2017-08-05T07:09:33","modified_gmt":"2017-08-05T05:09:33","slug":"hallenschliesszeiten-in-den-sommerferien-2","status":"publish","type":"post","link":"https:\/\/www.circulum.de\/wordpress\/?p=1207","title":{"rendered":"Hallenschlie\u00dfzeiten in den Sommerferien"},"content":{"rendered":"<p>Hier die Hallenschlie\u00dfzeiten in den <strong>Sommerferien 2017<\/strong> (<span style=\"color: #ff0000\"><strong>Update 05.08.2017 07:00 Uhr<\/strong><\/span>)<\/p>\n<p><a href=\"http:\/\/www.circulum.de\/wordpress\/wp-content\/uploads\/2017\/07\/Hallenschliesszeit-Sommer-2017-5.jpg\"><img loading=\"lazy\" decoding=\"async\" class=\"alignnone wp-image-1238 size-full\" src=\"http:\/\/www.circulum.de\/wordpress\/wp-content\/uploads\/2017\/07\/Hallenschliesszeit-Sommer-2017-7.jpg\" alt=\"\" width=\"979\" height=\"421\" srcset=\"https:\/\/www.circulum.de\/wordpress\/wp-content\/uploads\/2017\/07\/Hallenschliesszeit-Sommer-2017-7.jpg 979w, https:\/\/www.circulum.de\/wordpress\/wp-content\/uploads\/2017\/07\/Hallenschliesszeit-Sommer-2017-7-300x129.jpg 300w, https:\/\/www.circulum.de\/wordpress\/wp-content\/uploads\/2017\/07\/Hallenschliesszeit-Sommer-2017-7-768x330.jpg 768w, https:\/\/www.circulum.de\/wordpress\/wp-content\/uploads\/2017\/07\/Hallenschliesszeit-Sommer-2017-7-500x215.jpg 500w\" sizes=\"auto, (max-width: 979px) 100vw, 979px\" \/><\/a><\/p>\n<p><span style=\"color: #ff0000\"><strong>Rochstr.: Am Wochenende 12.\/13.08. muss die Grundreinigung leider nachgeholt werden. Am Sonntag findet KEIN Training statt!<\/strong><\/span><strong><br \/>\n<\/strong><\/p>\n<p><strong>Rochstr.:<\/strong> Der Kinderkurs macht in den Ferien auf jeden Fall Pause. Erster Trainingstag nach den Ferien ist am <strong>Sonntag, 03.09.2017<\/strong>.<br \/>\nDie Feriennutzung f\u00fcr die Rochstr. ist best\u00e4tigt. Nach der EJC k\u00f6nnen wir also ab <strong>Sonntag 06.08.2017<\/strong> wieder mit dem Training beginnen.<\/p>\n<p><strong>Wiebestr. (Einradhockey):<\/strong> Die Feriennutzung ist best\u00e4tigt. Wir k\u00f6nnen die Halle bis einschlie\u00dflich <strong>Donnerstag, 10.08.2017<\/strong> nutzen. Dann beginnt die Schlie\u00dfzeit wegen Renovierungsarbeiten.<\/p>\n","protected":false},"excerpt":{"rendered":"<p>Hier die Hallenschlie\u00dfzeiten in den Sommerferien 2017 (Update 05.08.2017 07:00 Uhr) Rochstr.: Am Wochenende 12.\/13.08. muss die Grundreinigung leider nachgeholt werden. Am Sonntag findet KEIN Training statt! Rochstr.: Der Kinderkurs macht in den Ferien auf jeden Fall Pause. Erster Trainingstag &hellip; <a href=\"https:\/\/www.circulum.de\/wordpress\/?p=1207\">Weiterlesen <span class=\"meta-nav\">&rarr;<\/span><\/a><\/p>\n","protected":false},"author":5,"featured_media":0,"comment_status":"closed","ping_status":"open","sticky":false,"template":"","format":"standard","meta":{"footnotes":""},"categories":[1],"tags":[],"class_list":["post-1207","post","type-post","status-publish","format-standard","hentry","category-allgemein"],"_links":{"self":[{"href":"https:\/\/www.circulum.de\/wordpress\/index.php?rest_route=\/wp\/v2\/posts\/1207","targetHints":{"allow":["GET"]}}],"collection":[{"href":"https:\/\/www.circulum.de\/wordpress\/index.php?rest_route=\/wp\/v2\/posts"}],"about":[{"href":"https:\/\/www.circulum.de\/wordpress\/index.php?rest_route=\/wp\/v2\/types\/post"}],"author":[{"embeddable":true,"href":"https:\/\/www.circulum.de\/wordpress\/index.php?rest_route=\/wp\/v2\/users\/5"}],"replies":[{"embeddable":true,"href":"https:\/\/www.circulum.de\/wordpress\/index.php?rest_route=%2Fwp%2Fv2%2Fcomments&post=1207"}],"version-history":[{"count":9,"href":"https:\/\/www.circulum.de\/wordpress\/index.php?rest_route=\/wp\/v2\/posts\/1207\/revisions"}],"predecessor-version":[{"id":1240,"href":"https:\/\/www.circulum.de\/wordpress\/index.php?rest_route=\/wp\/v2\/posts\/1207\/revisions\/1240"}],"wp:attachment":[{"href":"https:\/\/www.circulum.de\/wordpress\/index.php?rest_route=%2Fwp%2Fv2%2Fmedia&parent=1207"}],"wp:term":[{"taxonomy":"category","embeddable":true,"href":"https:\/\/www.circulum.de\/wordpress\/index.php?rest_route=%2Fwp%2Fv2%2Fcategories&post=1207"},{"taxonomy":"post_tag","embeddable":true,"href":"https:\/\/www.circulum.de\/wordpress\/index.php?rest_route=%2Fwp%2Fv2%2Ftags&post=1207"}],"curies":[{"name":"wp","href":"https:\/\/api.w.org\/{rel}","templated":true}]}}