{"id":1053,"date":"2016-04-09T15:29:04","date_gmt":"2016-04-09T13:29:04","guid":{"rendered":"http:\/\/www.circulum.de\/wordpress\/?p=1053"},"modified":"2016-04-09T15:32:51","modified_gmt":"2016-04-09T13:32:51","slug":"aenderung-hallenzeiten-rochstrasse","status":"publish","type":"post","link":"https:\/\/www.circulum.de\/wordpress\/?p=1053","title":{"rendered":"\u00c4nderung Hallenzeiten Rochstra\u00dfe"},"content":{"rendered":"<p>Nach Abstimmung mit dem Bezirksamt m\u00fcssen wir an <strong>3 Terminen<\/strong> den Kinderkurs aus organisatorieschen Gr\u00fcnden um eine Stunde nach hinten verlegen. Zu diesen Termin gibt es an den Wochenenden Sondernutzungen durch eine andere Gruppe, die dann die Halle um 16:30 Uhr verlassen haben muss. Aus diesem Grund verschiebt sich das Kinderzirkustraining an diesen drei Terminen um eine Stunde nach hinten. Die &#8220;Gro\u00dfen&#8221; k\u00f6nnen dann erst um 18 Uhr mit dem Training beginnen. Folgende Termine sind betroffen:<\/p>\n<p><strong>So. 17.04.16\u00a0 <\/strong>Kinderkurs<strong> <span style=\"color: #ff0000\">16:30 &#8211; 18:00 Uhr, <\/span><\/strong><span style=\"color: #ff0000\"><span style=\"color: #000000\">Training der Gro\u00dfen<\/span><\/span><strong><span style=\"color: #ff0000\"> ab 18:00 Uhr<br \/>\n<\/span><\/strong><strong>So. 24.04.16\u00a0 <\/strong>Kinderkurs<strong> <span style=\"color: #ff0000\">16:30 &#8211; 18:00 Uhr<strong>, <\/strong><\/span><\/strong><span style=\"color: #ff0000\"><span style=\"color: #000000\">Training der Gro\u00dfen<\/span><\/span><strong><span style=\"color: #ff0000\"><strong> ab 18:00 Uhr<\/strong><br \/>\n<span style=\"color: #000000\">&#8230;<\/span><\/span><\/strong><br \/>\n<strong>So. 12.06.16\u00a0 <\/strong>Kinderkurs<strong> <span style=\"color: #ff0000\">16:30 &#8211; 18:00 Uhr<strong>, <\/strong><\/span><\/strong><span style=\"color: #000000\"> Training der Gro\u00dfen<span style=\"color: #ff0000\"><strong><strong> ab 18:00 Uhr<\/strong><\/strong><\/span><\/span><\/p>\n<p><a href=\"http:\/\/www.circulum.de\/wordpress\/wp-content\/uploads\/2016\/04\/\u00c4nderung-Zeiten-Kinderkurs.jpg\"><img loading=\"lazy\" decoding=\"async\" class=\"alignnone size-full wp-image-1054\" alt=\"\u00c4nderung Zeiten Kinderkurs\" src=\"http:\/\/www.circulum.de\/wordpress\/wp-content\/uploads\/2016\/04\/\u00c4nderung-Zeiten-Kinderkurs.jpg\" width=\"636\" height=\"261\" srcset=\"https:\/\/www.circulum.de\/wordpress\/wp-content\/uploads\/2016\/04\/\u00c4nderung-Zeiten-Kinderkurs.jpg 636w, https:\/\/www.circulum.de\/wordpress\/wp-content\/uploads\/2016\/04\/\u00c4nderung-Zeiten-Kinderkurs-300x123.jpg 300w, https:\/\/www.circulum.de\/wordpress\/wp-content\/uploads\/2016\/04\/\u00c4nderung-Zeiten-Kinderkurs-500x205.jpg 500w\" sizes=\"auto, (max-width: 636px) 100vw, 636px\" \/><br \/>\n<span style=\"color: #000000\">Hier nochmal als graphisch \u00dcbersicht<\/span><\/a><\/p>\n","protected":false},"excerpt":{"rendered":"<p>Nach Abstimmung mit dem Bezirksamt m\u00fcssen wir an 3 Terminen den Kinderkurs aus organisatorieschen Gr\u00fcnden um eine Stunde nach hinten verlegen. Zu diesen Termin gibt es an den Wochenenden Sondernutzungen durch eine andere Gruppe, die dann die Halle um 16:30 &hellip; <a href=\"https:\/\/www.circulum.de\/wordpress\/?p=1053\">Weiterlesen <span class=\"meta-nav\">&rarr;<\/span><\/a><\/p>\n","protected":false},"author":5,"featured_media":0,"comment_status":"closed","ping_status":"open","sticky":false,"template":"","format":"standard","meta":{"footnotes":""},"categories":[1],"tags":[],"class_list":["post-1053","post","type-post","status-publish","format-standard","hentry","category-allgemein"],"_links":{"self":[{"href":"https:\/\/www.circulum.de\/wordpress\/index.php?rest_route=\/wp\/v2\/posts\/1053","targetHints":{"allow":["GET"]}}],"collection":[{"href":"https:\/\/www.circulum.de\/wordpress\/index.php?rest_route=\/wp\/v2\/posts"}],"about":[{"href":"https:\/\/www.circulum.de\/wordpress\/index.php?rest_route=\/wp\/v2\/types\/post"}],"author":[{"embeddable":true,"href":"https:\/\/www.circulum.de\/wordpress\/index.php?rest_route=\/wp\/v2\/users\/5"}],"replies":[{"embeddable":true,"href":"https:\/\/www.circulum.de\/wordpress\/index.php?rest_route=%2Fwp%2Fv2%2Fcomments&post=1053"}],"version-history":[{"count":5,"href":"https:\/\/www.circulum.de\/wordpress\/index.php?rest_route=\/wp\/v2\/posts\/1053\/revisions"}],"predecessor-version":[{"id":1059,"href":"https:\/\/www.circulum.de\/wordpress\/index.php?rest_route=\/wp\/v2\/posts\/1053\/revisions\/1059"}],"wp:attachment":[{"href":"https:\/\/www.circulum.de\/wordpress\/index.php?rest_route=%2Fwp%2Fv2%2Fmedia&parent=1053"}],"wp:term":[{"taxonomy":"category","embeddable":true,"href":"https:\/\/www.circulum.de\/wordpress\/index.php?rest_route=%2Fwp%2Fv2%2Fcategories&post=1053"},{"taxonomy":"post_tag","embeddable":true,"href":"https:\/\/www.circulum.de\/wordpress\/index.php?rest_route=%2Fwp%2Fv2%2Ftags&post=1053"}],"curies":[{"name":"wp","href":"https:\/\/api.w.org\/{rel}","templated":true}]}}